{"id":71,"date":"2022-02-01T12:10:48","date_gmt":"2022-02-01T11:10:48","guid":{"rendered":"https:\/\/gehwaehlen-duesseldorf.de\/22\/?p=71"},"modified":"2022-02-03T09:06:54","modified_gmt":"2022-02-03T08:06:54","slug":"waehlen-gehen-was-waehle-ich-und-wer-darf","status":"publish","type":"post","link":"https:\/\/gehwaehlen-duesseldorf.de\/22\/waehlen-gehen-was-waehle-ich-und-wer-darf\/","title":{"rendered":"W\u00e4hlen gehen &#8211; Was w\u00e4hle ich und wer darf?"},"content":{"rendered":"<div class=\"wpb-content-wrapper\"><p>[vc_row content_placement=&#8220;middle&#8220; css=&#8220;.vc_custom_1643875553356{margin-bottom: 30px !important;border-radius: 2px !important;}&#8220; el_class=&#8220;mobile-reverse&#8220;][vc_column width=&#8220;2\/3&#8243;][vc_column_text]<\/p>\n<div class=\"wpb_text_column wpb_content_element vc_custom_1590389474603 no-mobile vz\">\n<div class=\"wpb_wrapper\">\n<h2 id=\"wer_darf_waehlen\">Was wird \u00fcberhaupt gew\u00e4hlt?<\/h2>\n<\/div>\n<\/div>\n<div class=\"wpb_text_column wpb_content_element \">\n<div class=\"wpb_wrapper\">\n<ul>\n<li>Bei der Landtagswahl w\u00e4hlst du die etwa 180 <strong>Abgeordneten im Landtag.\u00a0<\/strong>Bei fast jeder politischen Entscheidung, zum Beispiel bei neuen Gesetzen oder \u00c4nderungen, stimmen die Abgeordneten \u00fcber die Entscheidung ab.<\/li>\n<li>Die Landtagsabgeordneten w\u00e4hlen auch den oder die <strong>Ministerpr\u00e4sident*in<\/strong>.<\/li>\n<li>Die Abgeordneten kommen \u00fcber zwei Wege in den Landtag. Eine M\u00f6glichkeit ist die direkte Wahl einer Person. Das machst du mit deiner<strong> Erststimme<\/strong>. Die andere M\u00f6glichkeit ist \u00fcber eine Rangliste der Parteien. Jede Partei bekommt soviele Sitze, wie sie Anteile an den <strong>Zweitstimmen<\/strong> hat. Diese Sitze werden dann von den Parteien mit den Personen ihrer Rangliste (Liste) gef\u00fcllt.<\/li>\n<li>Abgeordnete hei\u00dfen so, weil du sie mit deiner Stimme beauftragst (abordnest) bei Entscheidungen in deinem Sinne abzustimmen. Das nennt man <strong>repr\u00e4sentative Demokratie<\/strong> &#8211; also so etwas wie &#8222;Stellvertreter-Demokratie&#8220;.<\/li>\n<\/ul>\n<\/div>\n<\/div>\n<p>[\/vc_column_text][\/vc_column][vc_column width=&#8220;1\/3&#8243;][vc_single_image image=&#8220;73&#8243; img_size=&#8220;medium&#8220; alignment=&#8220;center&#8220;][\/vc_column][\/vc_row][vc_row content_placement=&#8220;middle&#8220; css=&#8220;.vc_custom_1643874818496{margin-bottom: 50px !important;}&#8220;][vc_column width=&#8220;1\/3&#8243;][vc_single_image image=&#8220;72&#8243; img_size=&#8220;medium&#8220; alignment=&#8220;center&#8220;][\/vc_column][vc_column width=&#8220;2\/3&#8243;][vc_column_text]<\/p>\n<div class=\"wpb_text_column wpb_content_element vc_custom_1590389474603 no-mobile vz\">\n<div class=\"wpb_wrapper\">\n<h2 id=\"wer_darf_waehlen\">Wer darf w\u00e4hlen?<\/h2>\n<\/div>\n<\/div>\n<div class=\"wpb_text_column wpb_content_element \">\n<div class=\"wpb_wrapper\">\n<p>Du darfst bei der Landtagswahl w\u00e4hlen gehen, wenn du\u2026<\/p>\n<ul>\n<li>\u2026die deutsche Staatsangeh\u00f6rigkeit hast.<\/li>\n<li>\u2026am Wahltag 18. Jahre alt bist bzw. es am Wahltag wirst.<\/li>\n<li>\u2026mindestens seit dem 16. Tag vor der Wahl im Wahlgebiet, also in Nordrhein-Westfalen, wohnst.<\/li>\n<\/ul>\n<p><strong>Du musst dir aber vorab keine Gedanken machen. Wenn du wahlberechtigt bist, erh\u00e4ltst du eine Wahlbenachrichtigung per Post<\/strong>. In dieser stehen alle wichtigen Informationen.<\/p>\n<\/div>\n<\/div>\n<p>[\/vc_column_text][\/vc_column][\/vc_row][vc_row content_placement=&#8220;middle&#8220; css=&#8220;.vc_custom_1643875569752{margin-bottom: 30px !important;}&#8220; el_class=&#8220;mobile-reverse&#8220;][vc_column width=&#8220;2\/3&#8243;][vc_column_text]<\/p>\n<div class=\"wpb_text_column wpb_content_element vc_custom_1590389474603 no-mobile vz\">\n<div class=\"wpb_wrapper\">\n<div class=\"wpb_text_column wpb_content_element vc_custom_1590389524125 no-mobile vz\">\n<div class=\"wpb_wrapper\">\n<h2 id=\"benachrichtigung_verloren_oder_nicht_erhalten\">Benachrichtigung verloren oder nicht erhalten?<\/h2>\n<\/div>\n<\/div>\n<div class=\"wpb_text_column wpb_content_element \">\n<div class=\"wpb_wrapper\">\n<p><strong>Hilfe ich bin wahlberechtigt, habe aber keine Benachrichtigung erhalten!<\/strong><\/p>\n<p>Selten kommt es vor, dass eine Wahlbenachrichtigung vergessen oder nicht richtig zugestellt wird z. B. weil eine Person umgezogen ist. Solltest du wahlberechtigt sein, aber kurz vor der Wahl noch keine Wahlbenachrichtigung erhalten haben, kannst du dich an die Stadt D\u00fcsseldorf wenden.<\/p>\n<\/div>\n<\/div>\n<\/div>\n<\/div>\n<p>[\/vc_column_text][\/vc_column][vc_column width=&#8220;1\/3&#8243;][vc_single_image image=&#8220;88&#8243; img_size=&#8220;medium&#8220; alignment=&#8220;center&#8220;][\/vc_column][\/vc_row]<\/p>\n<\/div>","protected":false},"excerpt":{"rendered":"<p>[vc_row content_placement=&#8220;middle&#8220; css=&#8220;.vc_custom_1643875553356{margin-bottom: 30px !important;border-radius: 2px !important;}&#8220; el_class=&#8220;mobile-reverse&#8220;][vc_column width=&#8220;2\/3&#8243;][vc_column_text] Was wird \u00fcberhaupt gew\u00e4hlt? Bei der Landtagswahl w\u00e4hlst du die etwa 180 Abgeordneten im Landtag.\u00a0Bei fast jeder politischen Entscheidung, zum Beispiel&hellip;<\/p>\n","protected":false},"author":1,"featured_media":83,"comment_status":"closed","ping_status":"closed","sticky":false,"template":"","format":"standard","meta":{"footnotes":""},"categories":[8],"tags":[],"class_list":["post-71","post","type-post","status-publish","format-standard","has-post-thumbnail","hentry","category-infos","category-8","description-off"],"yoast_head":"<!-- This site is optimized with the Yoast SEO plugin v26.6 - https:\/\/yoast.com\/wordpress\/plugins\/seo\/ -->\n<title>W\u00e4hlen gehen - Was w\u00e4hle ich und wer darf? - gehw\u00e4hlen22 - Dein Wahlportal zu den NRW-Wahlen<\/title>\n<meta name=\"robots\" content=\"index, follow, max-snippet:-1, max-image-preview:large, max-video-preview:-1\" \/>\n<link rel=\"canonical\" href=\"https:\/\/gehwaehlen-duesseldorf.de\/22\/waehlen-gehen-was-waehle-ich-und-wer-darf\/\" \/>\n<meta property=\"og:locale\" content=\"de_DE\" \/>\n<meta property=\"og:type\" content=\"article\" \/>\n<meta property=\"og:title\" content=\"W\u00e4hlen gehen - Was w\u00e4hle ich und wer darf? - gehw\u00e4hlen22 - Dein Wahlportal zu den NRW-Wahlen\" \/>\n<meta property=\"og:description\" content=\"[vc_row content_placement=&#8220;middle&#8220; css=&#8220;.vc_custom_1643875553356{margin-bottom: 30px !important;border-radius: 2px !important;}&#8220; el_class=&#8220;mobile-reverse&#8220;][vc_column width=&#8220;2\/3&#8243;][vc_column_text] Was wird \u00fcberhaupt gew\u00e4hlt? Bei der Landtagswahl w\u00e4hlst du die etwa 180 Abgeordneten im Landtag.\u00a0Bei fast jeder politischen Entscheidung, zum Beispiel&hellip;\" \/>\n<meta property=\"og:url\" content=\"https:\/\/gehwaehlen-duesseldorf.de\/22\/waehlen-gehen-was-waehle-ich-und-wer-darf\/\" \/>\n<meta property=\"og:site_name\" content=\"gehw\u00e4hlen22 - Dein Wahlportal zu den NRW-Wahlen\" \/>\n<meta property=\"article:published_time\" content=\"2022-02-01T11:10:48+00:00\" \/>\n<meta property=\"article:modified_time\" content=\"2022-02-03T08:06:54+00:00\" \/>\n<meta property=\"og:image\" content=\"https:\/\/gehwaehlen-duesseldorf.de\/22\/wp-content\/uploads\/sites\/2\/2022\/02\/2316767.jpg\" \/>\n\t<meta property=\"og:image:width\" content=\"2000\" \/>\n\t<meta property=\"og:image:height\" content=\"2000\" \/>\n\t<meta property=\"og:image:type\" content=\"image\/jpeg\" \/>\n<meta name=\"author\" content=\"admin\" \/>\n<meta name=\"twitter:card\" content=\"summary_large_image\" \/>\n<meta name=\"twitter:label1\" content=\"Verfasst von\" \/>\n\t<meta name=\"twitter:data1\" content=\"admin\" \/>\n\t<meta name=\"twitter:label2\" content=\"Gesch\u00e4tzte Lesezeit\" \/>\n\t<meta name=\"twitter:data2\" content=\"2\u00a0Minuten\" \/>\n<script type=\"application\/ld+json\" class=\"yoast-schema-graph\">{\"@context\":\"https:\/\/schema.org\",\"@graph\":[{\"@type\":\"WebPage\",\"@id\":\"https:\/\/gehwaehlen-duesseldorf.de\/22\/waehlen-gehen-was-waehle-ich-und-wer-darf\/\",\"url\":\"https:\/\/gehwaehlen-duesseldorf.de\/22\/waehlen-gehen-was-waehle-ich-und-wer-darf\/\",\"name\":\"W\u00e4hlen gehen - Was w\u00e4hle ich und wer darf? - gehw\u00e4hlen22 - Dein Wahlportal zu den NRW-Wahlen\",\"isPartOf\":{\"@id\":\"https:\/\/gehwaehlen-duesseldorf.de\/22\/#website\"},\"primaryImageOfPage\":{\"@id\":\"https:\/\/gehwaehlen-duesseldorf.de\/22\/waehlen-gehen-was-waehle-ich-und-wer-darf\/#primaryimage\"},\"image\":{\"@id\":\"https:\/\/gehwaehlen-duesseldorf.de\/22\/waehlen-gehen-was-waehle-ich-und-wer-darf\/#primaryimage\"},\"thumbnailUrl\":\"https:\/\/gehwaehlen-duesseldorf.de\/22\/wp-content\/uploads\/sites\/2\/2022\/02\/2316767.jpg\",\"datePublished\":\"2022-02-01T11:10:48+00:00\",\"dateModified\":\"2022-02-03T08:06:54+00:00\",\"author\":{\"@id\":\"https:\/\/gehwaehlen-duesseldorf.de\/22\/#\/schema\/person\/a239e4e73d0790ab84ffbeac08d84c39\"},\"breadcrumb\":{\"@id\":\"https:\/\/gehwaehlen-duesseldorf.de\/22\/waehlen-gehen-was-waehle-ich-und-wer-darf\/#breadcrumb\"},\"inLanguage\":\"de\",\"potentialAction\":[{\"@type\":\"ReadAction\",\"target\":[\"https:\/\/gehwaehlen-duesseldorf.de\/22\/waehlen-gehen-was-waehle-ich-und-wer-darf\/\"]}]},{\"@type\":\"ImageObject\",\"inLanguage\":\"de\",\"@id\":\"https:\/\/gehwaehlen-duesseldorf.de\/22\/waehlen-gehen-was-waehle-ich-und-wer-darf\/#primaryimage\",\"url\":\"https:\/\/gehwaehlen-duesseldorf.de\/22\/wp-content\/uploads\/sites\/2\/2022\/02\/2316767.jpg\",\"contentUrl\":\"https:\/\/gehwaehlen-duesseldorf.de\/22\/wp-content\/uploads\/sites\/2\/2022\/02\/2316767.jpg\",\"width\":2000,\"height\":2000},{\"@type\":\"BreadcrumbList\",\"@id\":\"https:\/\/gehwaehlen-duesseldorf.de\/22\/waehlen-gehen-was-waehle-ich-und-wer-darf\/#breadcrumb\",\"itemListElement\":[{\"@type\":\"ListItem\",\"position\":1,\"name\":\"Startseite\",\"item\":\"https:\/\/gehwaehlen-duesseldorf.de\/22\/\"},{\"@type\":\"ListItem\",\"position\":2,\"name\":\"W\u00e4hlen gehen &#8211; Was w\u00e4hle ich und wer darf?\"}]},{\"@type\":\"WebSite\",\"@id\":\"https:\/\/gehwaehlen-duesseldorf.de\/22\/#website\",\"url\":\"https:\/\/gehwaehlen-duesseldorf.de\/22\/\",\"name\":\"gehw\u00e4hlen22 - Dein Wahlportal zu den NRW-Wahlen\",\"description\":\"Eine weitere gehw\u00e4hlen, D\u00fcsseldorf! Website\",\"potentialAction\":[{\"@type\":\"SearchAction\",\"target\":{\"@type\":\"EntryPoint\",\"urlTemplate\":\"https:\/\/gehwaehlen-duesseldorf.de\/22\/?s={search_term_string}\"},\"query-input\":{\"@type\":\"PropertyValueSpecification\",\"valueRequired\":true,\"valueName\":\"search_term_string\"}}],\"inLanguage\":\"de\"},{\"@type\":\"Person\",\"@id\":\"https:\/\/gehwaehlen-duesseldorf.de\/22\/#\/schema\/person\/a239e4e73d0790ab84ffbeac08d84c39\",\"name\":\"admin\",\"image\":{\"@type\":\"ImageObject\",\"inLanguage\":\"de\",\"@id\":\"https:\/\/gehwaehlen-duesseldorf.de\/22\/#\/schema\/person\/image\/\",\"url\":\"https:\/\/secure.gravatar.com\/avatar\/f7e7580f724e5af14b21fb088ffec7b7495e3e6c882b91ed0f86048a6cd7a2b9?s=96&d=mm&r=g\",\"contentUrl\":\"https:\/\/secure.gravatar.com\/avatar\/f7e7580f724e5af14b21fb088ffec7b7495e3e6c882b91ed0f86048a6cd7a2b9?s=96&d=mm&r=g\",\"caption\":\"admin\"},\"sameAs\":[\"https:\/\/gehwaehlen-duesseldorf.de\"],\"url\":\"https:\/\/gehwaehlen-duesseldorf.de\/22\/author\/heimpixel\/\"}]}<\/script>\n<!-- \/ Yoast SEO plugin. -->","yoast_head_json":{"title":"W\u00e4hlen gehen - Was w\u00e4hle ich und wer darf? - gehw\u00e4hlen22 - Dein Wahlportal zu den NRW-Wahlen","robots":{"index":"index","follow":"follow","max-snippet":"max-snippet:-1","max-image-preview":"max-image-preview:large","max-video-preview":"max-video-preview:-1"},"canonical":"https:\/\/gehwaehlen-duesseldorf.de\/22\/waehlen-gehen-was-waehle-ich-und-wer-darf\/","og_locale":"de_DE","og_type":"article","og_title":"W\u00e4hlen gehen - Was w\u00e4hle ich und wer darf? - gehw\u00e4hlen22 - Dein Wahlportal zu den NRW-Wahlen","og_description":"[vc_row content_placement=&#8220;middle&#8220; css=&#8220;.vc_custom_1643875553356{margin-bottom: 30px !important;border-radius: 2px !important;}&#8220; el_class=&#8220;mobile-reverse&#8220;][vc_column width=&#8220;2\/3&#8243;][vc_column_text] Was wird \u00fcberhaupt gew\u00e4hlt? Bei der Landtagswahl w\u00e4hlst du die etwa 180 Abgeordneten im Landtag.\u00a0Bei fast jeder politischen Entscheidung, zum Beispiel&hellip;","og_url":"https:\/\/gehwaehlen-duesseldorf.de\/22\/waehlen-gehen-was-waehle-ich-und-wer-darf\/","og_site_name":"gehw\u00e4hlen22 - Dein Wahlportal zu den NRW-Wahlen","article_published_time":"2022-02-01T11:10:48+00:00","article_modified_time":"2022-02-03T08:06:54+00:00","og_image":[{"width":2000,"height":2000,"url":"https:\/\/gehwaehlen-duesseldorf.de\/22\/wp-content\/uploads\/sites\/2\/2022\/02\/2316767.jpg","type":"image\/jpeg"}],"author":"admin","twitter_card":"summary_large_image","twitter_misc":{"Verfasst von":"admin","Gesch\u00e4tzte Lesezeit":"2\u00a0Minuten"},"schema":{"@context":"https:\/\/schema.org","@graph":[{"@type":"WebPage","@id":"https:\/\/gehwaehlen-duesseldorf.de\/22\/waehlen-gehen-was-waehle-ich-und-wer-darf\/","url":"https:\/\/gehwaehlen-duesseldorf.de\/22\/waehlen-gehen-was-waehle-ich-und-wer-darf\/","name":"W\u00e4hlen gehen - Was w\u00e4hle ich und wer darf? - gehw\u00e4hlen22 - Dein Wahlportal zu den NRW-Wahlen","isPartOf":{"@id":"https:\/\/gehwaehlen-duesseldorf.de\/22\/#website"},"primaryImageOfPage":{"@id":"https:\/\/gehwaehlen-duesseldorf.de\/22\/waehlen-gehen-was-waehle-ich-und-wer-darf\/#primaryimage"},"image":{"@id":"https:\/\/gehwaehlen-duesseldorf.de\/22\/waehlen-gehen-was-waehle-ich-und-wer-darf\/#primaryimage"},"thumbnailUrl":"https:\/\/gehwaehlen-duesseldorf.de\/22\/wp-content\/uploads\/sites\/2\/2022\/02\/2316767.jpg","datePublished":"2022-02-01T11:10:48+00:00","dateModified":"2022-02-03T08:06:54+00:00","author":{"@id":"https:\/\/gehwaehlen-duesseldorf.de\/22\/#\/schema\/person\/a239e4e73d0790ab84ffbeac08d84c39"},"breadcrumb":{"@id":"https:\/\/gehwaehlen-duesseldorf.de\/22\/waehlen-gehen-was-waehle-ich-und-wer-darf\/#breadcrumb"},"inLanguage":"de","potentialAction":[{"@type":"ReadAction","target":["https:\/\/gehwaehlen-duesseldorf.de\/22\/waehlen-gehen-was-waehle-ich-und-wer-darf\/"]}]},{"@type":"ImageObject","inLanguage":"de","@id":"https:\/\/gehwaehlen-duesseldorf.de\/22\/waehlen-gehen-was-waehle-ich-und-wer-darf\/#primaryimage","url":"https:\/\/gehwaehlen-duesseldorf.de\/22\/wp-content\/uploads\/sites\/2\/2022\/02\/2316767.jpg","contentUrl":"https:\/\/gehwaehlen-duesseldorf.de\/22\/wp-content\/uploads\/sites\/2\/2022\/02\/2316767.jpg","width":2000,"height":2000},{"@type":"BreadcrumbList","@id":"https:\/\/gehwaehlen-duesseldorf.de\/22\/waehlen-gehen-was-waehle-ich-und-wer-darf\/#breadcrumb","itemListElement":[{"@type":"ListItem","position":1,"name":"Startseite","item":"https:\/\/gehwaehlen-duesseldorf.de\/22\/"},{"@type":"ListItem","position":2,"name":"W\u00e4hlen gehen &#8211; Was w\u00e4hle ich und wer darf?"}]},{"@type":"WebSite","@id":"https:\/\/gehwaehlen-duesseldorf.de\/22\/#website","url":"https:\/\/gehwaehlen-duesseldorf.de\/22\/","name":"gehw\u00e4hlen22 - Dein Wahlportal zu den NRW-Wahlen","description":"Eine weitere gehw\u00e4hlen, D\u00fcsseldorf! Website","potentialAction":[{"@type":"SearchAction","target":{"@type":"EntryPoint","urlTemplate":"https:\/\/gehwaehlen-duesseldorf.de\/22\/?s={search_term_string}"},"query-input":{"@type":"PropertyValueSpecification","valueRequired":true,"valueName":"search_term_string"}}],"inLanguage":"de"},{"@type":"Person","@id":"https:\/\/gehwaehlen-duesseldorf.de\/22\/#\/schema\/person\/a239e4e73d0790ab84ffbeac08d84c39","name":"admin","image":{"@type":"ImageObject","inLanguage":"de","@id":"https:\/\/gehwaehlen-duesseldorf.de\/22\/#\/schema\/person\/image\/","url":"https:\/\/secure.gravatar.com\/avatar\/f7e7580f724e5af14b21fb088ffec7b7495e3e6c882b91ed0f86048a6cd7a2b9?s=96&d=mm&r=g","contentUrl":"https:\/\/secure.gravatar.com\/avatar\/f7e7580f724e5af14b21fb088ffec7b7495e3e6c882b91ed0f86048a6cd7a2b9?s=96&d=mm&r=g","caption":"admin"},"sameAs":["https:\/\/gehwaehlen-duesseldorf.de"],"url":"https:\/\/gehwaehlen-duesseldorf.de\/22\/author\/heimpixel\/"}]}},"_links":{"self":[{"href":"https:\/\/gehwaehlen-duesseldorf.de\/22\/wp-json\/wp\/v2\/posts\/71","targetHints":{"allow":["GET"]}}],"collection":[{"href":"https:\/\/gehwaehlen-duesseldorf.de\/22\/wp-json\/wp\/v2\/posts"}],"about":[{"href":"https:\/\/gehwaehlen-duesseldorf.de\/22\/wp-json\/wp\/v2\/types\/post"}],"author":[{"embeddable":true,"href":"https:\/\/gehwaehlen-duesseldorf.de\/22\/wp-json\/wp\/v2\/users\/1"}],"replies":[{"embeddable":true,"href":"https:\/\/gehwaehlen-duesseldorf.de\/22\/wp-json\/wp\/v2\/comments?post=71"}],"version-history":[{"count":6,"href":"https:\/\/gehwaehlen-duesseldorf.de\/22\/wp-json\/wp\/v2\/posts\/71\/revisions"}],"predecessor-version":[{"id":97,"href":"https:\/\/gehwaehlen-duesseldorf.de\/22\/wp-json\/wp\/v2\/posts\/71\/revisions\/97"}],"wp:featuredmedia":[{"embeddable":true,"href":"https:\/\/gehwaehlen-duesseldorf.de\/22\/wp-json\/wp\/v2\/media\/83"}],"wp:attachment":[{"href":"https:\/\/gehwaehlen-duesseldorf.de\/22\/wp-json\/wp\/v2\/media?parent=71"}],"wp:term":[{"taxonomy":"category","embeddable":true,"href":"https:\/\/gehwaehlen-duesseldorf.de\/22\/wp-json\/wp\/v2\/categories?post=71"},{"taxonomy":"post_tag","embeddable":true,"href":"https:\/\/gehwaehlen-duesseldorf.de\/22\/wp-json\/wp\/v2\/tags?post=71"}],"curies":[{"name":"wp","href":"https:\/\/api.w.org\/{rel}","templated":true}]}}