{"id":512,"date":"2022-04-08T14:10:04","date_gmt":"2022-04-08T12:10:04","guid":{"rendered":"https:\/\/gehwaehlen-duesseldorf.de\/22\/?p=512"},"modified":"2022-04-08T14:10:04","modified_gmt":"2022-04-08T12:10:04","slug":"politische-bildung","status":"publish","type":"post","link":"https:\/\/gehwaehlen-duesseldorf.de\/22\/politische-bildung\/","title":{"rendered":"Politische Bildung: Erkl\u00e4r- und Informationsmaterialien"},"content":{"rendered":"<div class=\"wpb-content-wrapper\"><p>[vc_row][vc_column][vc_column_text]Die Landtagswahlen sind ein guter Anlass, um mit Kindern und Jugendlichen <strong>politische Bildung zu gestalten. Ihr k\u00f6nnt \u00fcber Wahlen, politische Zust\u00e4ndigkeiten und unser politisches System sprechen<\/strong>. Es gibt viele <strong>multimediale Angebote<\/strong>, die das Thema Landtagswahlen aufgreifen und erkl\u00e4ren. Wir haben einige Webseiten und Angebote f\u00fcr euch gecheckt und eine Auswahl zusammengestellt. Wir hoffen ihr werdet f\u00fcndig und k\u00f6nnt einige Inspirationen f\u00fcr eure Angebote in Jugendgruppen, Jugendfreizeiteinrichtungen oder Schulen mitnehmen.<\/p>\n<p>Falls euch etwas fehlt oder ihr noch weitere Tipps habt, meldet euch gerne bei uns und wir nehmen sie in unsere Sammlung mit auf.[\/vc_column_text][\/vc_column][\/vc_row][vc_row][vc_column][vc_column_text]<\/p>\n<h2>Erkl\u00e4rvideos<\/h2>\n<p>[\/vc_column_text][\/vc_column][\/vc_row][vc_row][vc_column width=&#8220;1\/2&#8243;][vc_column_text]<\/p>\n<h5>Explainity (2016): Landtagswahl einfach erkl\u00e4rt<\/h5>\n<p>In diesem Video von Explainity erfahrt ihr, wie die Landtagswahlen funktionieren, wer w\u00e4hlen darf und was die Aufgaben von Abgeordneten sind.[\/vc_column_text][vc_video link=&#8220;https:\/\/www.youtube.com\/watch?v=u19vGdI69wI&#8220;][\/vc_column][vc_column width=&#8220;1\/2&#8243;][vc_column_text]<\/p>\n<h5><strong>Lebenshilfe NRW (2017): NRW-Landtagswahl in Leichter Sprache<\/strong><\/h5>\n<p>Die Lebenshilfe NRW hat zur Landtagswahl 2017 eine Serie mit acht Videos gemacht, in denen die Landtagswahl erkl\u00e4rt wird.[\/vc_column_text][vc_video link=&#8220;https:\/\/www.youtube.com\/watch?v=A9pxZapaWCQ&amp;list=PLLYLNWuInej59qJOVhmWYYjDFLLoudFGN&#8220;][\/vc_column][\/vc_row][vc_row][vc_column][vc_column_text]<\/p>\n<h5>Das politische System in NRW &#8211; Wer macht was?<\/h5>\n<p>Mit den vier Videos der Landeszentrale f\u00fcr politische Bildung NRW wird euch das politische System in NRW erkl\u00e4rt. In der Serie &#8222;Das politische System in NRW &#8211; Wer macht was?&#8220; Ihr erfahrt mehr zu der Gewaltenteilung, dem Landtag, der Landesregierung und dem Verfassungsgerichtshof. Und wie die drei Gewalten zusammenarbeiten, sich erg\u00e4nzen und gegenseitig kontrollieren.<\/p>\n<p>Lizenzhinweise:<\/p>\n<p>Landeszentrale f\u00fcr politische Bildung NRW<br \/>\nAnimationsfilm<br \/>\nDeutschland, 2021<br \/>\nProduktion: aha! film GmbH<br \/>\n<a href=\"https:\/\/creativecommons.org\/licenses\/by-sa\/4.0\/deed.de\">Creative Commons Lizenz<\/a>[\/vc_column_text][\/vc_column][\/vc_row][vc_row][vc_column width=&#8220;1\/4&#8243;][vc_column_text]<\/p>\n<div style=\"width: 1080px;\" class=\"wp-video\"><video class=\"wp-video-shortcode\" id=\"video-512-1\" width=\"1080\" height=\"1080\" preload=\"metadata\" controls=\"controls\"><source type=\"video\/mp4\" src=\"https:\/\/gehwaehlen-duesseldorf.de\/22\/wp-content\/uploads\/sites\/2\/2022\/04\/Wer_macht_was__Gewaltenteilung_in_NRW.mp4?_=1\" \/><a href=\"https:\/\/gehwaehlen-duesseldorf.de\/22\/wp-content\/uploads\/sites\/2\/2022\/04\/Wer_macht_was__Gewaltenteilung_in_NRW.mp4\">https:\/\/gehwaehlen-duesseldorf.de\/22\/wp-content\/uploads\/sites\/2\/2022\/04\/Wer_macht_was__Gewaltenteilung_in_NRW.mp4<\/a><\/video><\/div>\n<p>&nbsp;<\/p>\n<p><strong>Video Teil 1: Was bedeutet eigentlich Gewaltenteilung? Und wer macht eigentlich was?<\/strong>[\/vc_column_text][\/vc_column][vc_column width=&#8220;1\/4&#8243;][vc_column_text]<\/p>\n<div style=\"width: 1080px;\" class=\"wp-video\"><video class=\"wp-video-shortcode\" id=\"video-512-2\" width=\"1080\" height=\"1080\" preload=\"metadata\" controls=\"controls\"><source type=\"video\/mp4\" src=\"https:\/\/gehwaehlen-duesseldorf.de\/22\/wp-content\/uploads\/sites\/2\/2022\/04\/Der_Landtag.mp4?_=2\" \/><a href=\"https:\/\/gehwaehlen-duesseldorf.de\/22\/wp-content\/uploads\/sites\/2\/2022\/04\/Der_Landtag.mp4\">https:\/\/gehwaehlen-duesseldorf.de\/22\/wp-content\/uploads\/sites\/2\/2022\/04\/Der_Landtag.mp4<\/a><\/video><\/div>\n<p>&nbsp;<\/p>\n<p><strong>Video Teil 2: Wie funktioniert der Landtag?<\/strong>[\/vc_column_text][\/vc_column][vc_column width=&#8220;1\/4&#8243;][vc_column_text]<\/p>\n<div style=\"width: 1080px;\" class=\"wp-video\"><video class=\"wp-video-shortcode\" id=\"video-512-3\" width=\"1080\" height=\"1080\" preload=\"metadata\" controls=\"controls\"><source type=\"video\/mp4\" src=\"https:\/\/gehwaehlen-duesseldorf.de\/22\/wp-content\/uploads\/sites\/2\/2022\/04\/Die_Landesregierung.mp4?_=3\" \/><a href=\"https:\/\/gehwaehlen-duesseldorf.de\/22\/wp-content\/uploads\/sites\/2\/2022\/04\/Die_Landesregierung.mp4\">https:\/\/gehwaehlen-duesseldorf.de\/22\/wp-content\/uploads\/sites\/2\/2022\/04\/Die_Landesregierung.mp4<\/a><\/video><\/div>\n<p>&nbsp;<\/p>\n<p><strong>Video Teil 3: Wie arbeitet die Landesregierung in NRW?<\/strong>[\/vc_column_text][\/vc_column][vc_column width=&#8220;1\/4&#8243;][vc_column_text]<\/p>\n<div style=\"width: 1080px;\" class=\"wp-video\"><video class=\"wp-video-shortcode\" id=\"video-512-4\" width=\"1080\" height=\"1080\" preload=\"metadata\" controls=\"controls\"><source type=\"video\/mp4\" src=\"https:\/\/gehwaehlen-duesseldorf.de\/22\/wp-content\/uploads\/sites\/2\/2022\/04\/Der_Verfassungsgerichtshof.mp4?_=4\" \/><a href=\"https:\/\/gehwaehlen-duesseldorf.de\/22\/wp-content\/uploads\/sites\/2\/2022\/04\/Der_Verfassungsgerichtshof.mp4\">https:\/\/gehwaehlen-duesseldorf.de\/22\/wp-content\/uploads\/sites\/2\/2022\/04\/Der_Verfassungsgerichtshof.mp4<\/a><\/video><\/div>\n<p>&nbsp;<\/p>\n<p><strong>Video Teil 4: Wer ist der Verfassungsgerichtshof? Und wie arbeitet er?<\/strong>[\/vc_column_text][\/vc_column][\/vc_row][vc_row][vc_column][vc_column_text]<\/p>\n<h2>Informationstexte zur Landtagswahl<\/h2>\n<p>Der Landtag D\u00fcsseldorf und die Landeszentrale f\u00fcr politische Bildung NRW haben zur Landtagswahl Informationsbrosch\u00fcren herausgebracht: entweder spezifisch f\u00fcr die Zielgruppe Kinder und Jugendliche oder in Leichter Sprache. So wird die Landtagswahl f\u00fcr alle verst\u00e4ndlich.<\/p>\n<p>Die Brosch\u00fcren gibt es als PDF zum Download. Ihr k\u00f6nnt sie aber auch auf den Seiten des <a href=\"https:\/\/www.landtag.nrw.de\/home\/mediathek\/publikationen.html\">Landtag D\u00fcsseldorf<\/a> sowie der <a href=\"https:\/\/www.politische-bildung.nrw.de\/publikationen\/titelverzeichnis\/details\/print\/einfach-waehlen-gehen-ihre-stimme-zaehlt\">Landeszentrale f\u00fcr politische Bildung NRW<\/a> bestellen.[\/vc_column_text][\/vc_column][\/vc_row][vc_row][vc_column width=&#8220;1\/3&#8243;][vc_single_image image=&#8220;528&#8243; img_size=&#8220;medium&#8220; onclick=&#8220;custom_link&#8220; link=&#8220;https:\/\/www.landtag.nrw.de\/files\/live\/sites\/landtag-r20\/files\/Internet\/II.A.3\/II.1\/Publikationen\/files\/Landtag%20Broschu%cc%88re%20Demokratie_Okt%202021_scr.pdf&#8220;][vc_column_text]<\/p>\n<h5>Landtag NRW: So funktioniert Demokratie<\/h5>\n<p>[\/vc_column_text][\/vc_column][vc_column width=&#8220;1\/3&#8243;][vc_single_image image=&#8220;525&#8243; img_size=&#8220;medium&#8220; onclick=&#8220;custom_link&#8220; link=&#8220;https:\/\/www.landtag.nrw.de\/files\/live\/sites\/landtag-r20\/files\/Internet\/II.A.3\/II.1\/Publikationen\/files\/Broschu%cc%88re%20Landtag%20in%20leichter%20Sprache_Okt%202021_scr.pdf&#8220;][vc_column_text]<\/p>\n<h5>Landtag NRW: So arbeitet der Land-Tag von Nordrhein-Westfalen<\/h5>\n<p>[\/vc_column_text][\/vc_column][vc_column width=&#8220;1\/3&#8243;][vc_single_image image=&#8220;529&#8243; img_size=&#8220;medium&#8220; onclick=&#8220;custom_link&#8220; link=&#8220;https:\/\/www.landtag.nrw.de\/files\/live\/sites\/landtag-r20\/files\/Internet\/II.A.3\/II.1\/Publikationen\/files\/Wahlen2022_leichte_Sprache.pdf&#8220;][vc_column_text]<\/p>\n<h5>Landtag NRW: W\u00e4hlen ist ganz einfach<\/h5>\n<p>[\/vc_column_text][\/vc_column][\/vc_row][vc_row][vc_column width=&#8220;1\/3&#8243;][vc_single_image image=&#8220;526&#8243; img_size=&#8220;medium&#8220; onclick=&#8220;custom_link&#8220; link=&#8220;https:\/\/www.politische-bildung.nrw.de\/fileadmin\/imperia\/md\/content\/e-books\/E-Book_Landtagswahl_NRW_2022_LS.pdf&#8220;][vc_column_text]<\/p>\n<h5>Landeszentrale f\u00fcr politische Bildung NRW: Einfach w\u00e4hlen gehen! Ihre Stimme z\u00e4hlt!<\/h5>\n<p>[\/vc_column_text][\/vc_column][vc_column width=&#8220;1\/3&#8243;][vc_single_image image=&#8220;527&#8243; img_size=&#8220;medium&#8220; onclick=&#8220;custom_link&#8220; link=&#8220;https:\/\/www.landtag.nrw.de\/files\/live\/sites\/landtag-r20\/files\/Internet\/II.A.3\/II.1\/Publikationen\/files\/Landtag_Kinderbroschuere_scr_Okt%202021.pdf&#8220;][vc_column_text]<\/p>\n<h5>Landtag NRW: Informationen f\u00fcr Kinder<\/h5>\n<p>[\/vc_column_text][\/vc_column][vc_column width=&#8220;1\/3&#8243;][vc_single_image image=&#8220;531&#8243; img_size=&#8220;medium&#8220; onclick=&#8220;custom_link&#8220; link=&#8220;https:\/\/www.landtag.nrw.de\/files\/live\/sites\/landtag-r20\/files\/Internet\/II.A.3\/II.1\/Publikationen\/files\/Jugendbroschuere_neu_2022.pdf&#8220;][vc_column_text]<\/p>\n<h5>Landtag NRW: Informationen f\u00fcr Jugendliche<\/h5>\n<p>[\/vc_column_text][\/vc_column][\/vc_row][vc_row][vc_column][vc_column_text]<\/p>\n<h2>Plakate und Bilder<\/h2>\n<p>Auch Bilder k\u00f6nnen komplexe Inhalte einfacher darstellen. Hier haben wir euch zwei Beispiele herausgesucht:[\/vc_column_text][\/vc_column][\/vc_row][vc_row][vc_column width=&#8220;1\/2&#8243;][vc_single_image image=&#8220;515&#8243; img_size=&#8220;medium&#8220; onclick=&#8220;custom_link&#8220; link=&#8220;https:\/\/www.u18.org\/fileadmin\/user_upload\/U18_Poster_Absolute_Relative_02.pdf&#8220;][vc_column_text]<\/p>\n<h5>U18: Erkl\u00e4rung &#8211; Absolute und relative Mehrheit<\/h5>\n<p>[\/vc_column_text][\/vc_column][vc_column width=&#8220;1\/2&#8243;][vc_single_image image=&#8220;535&#8243; img_size=&#8220;medium&#8220; onclick=&#8220;custom_link&#8220; link=&#8220;https:\/\/www.u18.org\/fileadmin\/user_upload\/U18_Poster_KLB_EU_Was_ist_Was.pdf&#8220;][vc_column_text]<\/p>\n<h5>U18: Erkl\u00e4rung &#8211; Wer macht was? Kommune, Land, Bund, EU<\/h5>\n<p>[\/vc_column_text][\/vc_column][\/vc_row]<\/p>\n<\/div>","protected":false},"excerpt":{"rendered":"<p>[vc_row][vc_column][vc_column_text]Die Landtagswahlen sind ein guter Anlass, um mit Kindern und Jugendlichen politische Bildung zu gestalten. Ihr k\u00f6nnt \u00fcber Wahlen, politische Zust\u00e4ndigkeiten und unser politisches System sprechen. Es gibt viele multimediale&hellip;<\/p>\n","protected":false},"author":2,"featured_media":695,"comment_status":"closed","ping_status":"closed","sticky":false,"template":"","format":"standard","meta":{"footnotes":""},"categories":[1,8,23],"tags":[],"class_list":["post-512","post","type-post","status-publish","format-standard","has-post-thumbnail","hentry","category-allgemein","category-infos","category-u18","category-1","category-8","category-23","description-off"],"yoast_head":"<!-- This site is optimized with the Yoast SEO plugin v26.6 - https:\/\/yoast.com\/wordpress\/plugins\/seo\/ -->\n<title>Politische Bildung: Erkl\u00e4r- und Informationsmaterialien - gehw\u00e4hlen22 - Dein Wahlportal zu den NRW-Wahlen<\/title>\n<meta name=\"robots\" content=\"index, follow, max-snippet:-1, max-image-preview:large, max-video-preview:-1\" \/>\n<link rel=\"canonical\" href=\"https:\/\/gehwaehlen-duesseldorf.de\/22\/politische-bildung\/\" \/>\n<meta property=\"og:locale\" content=\"de_DE\" \/>\n<meta property=\"og:type\" content=\"article\" \/>\n<meta property=\"og:title\" content=\"Politische Bildung: Erkl\u00e4r- und Informationsmaterialien - gehw\u00e4hlen22 - Dein Wahlportal zu den NRW-Wahlen\" \/>\n<meta property=\"og:description\" content=\"[vc_row][vc_column][vc_column_text]Die Landtagswahlen sind ein guter Anlass, um mit Kindern und Jugendlichen politische Bildung zu gestalten. Ihr k\u00f6nnt \u00fcber Wahlen, politische Zust\u00e4ndigkeiten und unser politisches System sprechen. Es gibt viele multimediale&hellip;\" \/>\n<meta property=\"og:url\" content=\"https:\/\/gehwaehlen-duesseldorf.de\/22\/politische-bildung\/\" \/>\n<meta property=\"og:site_name\" content=\"gehw\u00e4hlen22 - Dein Wahlportal zu den NRW-Wahlen\" \/>\n<meta property=\"article:published_time\" content=\"2022-04-08T12:10:04+00:00\" \/>\n<meta property=\"og:image\" content=\"https:\/\/gehwaehlen-duesseldorf.de\/22\/wp-content\/uploads\/sites\/2\/2022\/04\/Info-Erklaermaterial_Bild-Canva-2-1-e1649411648107.jpg\" \/>\n\t<meta property=\"og:image:width\" content=\"1600\" \/>\n\t<meta property=\"og:image:height\" content=\"1059\" \/>\n\t<meta property=\"og:image:type\" content=\"image\/jpeg\" \/>\n<meta name=\"author\" content=\"redaktion\" \/>\n<meta name=\"twitter:card\" content=\"summary_large_image\" \/>\n<meta name=\"twitter:label1\" content=\"Verfasst von\" \/>\n\t<meta name=\"twitter:data1\" content=\"redaktion\" \/>\n\t<meta name=\"twitter:label2\" content=\"Gesch\u00e4tzte Lesezeit\" \/>\n\t<meta name=\"twitter:data2\" content=\"3\u00a0Minuten\" \/>\n<script type=\"application\/ld+json\" class=\"yoast-schema-graph\">{\"@context\":\"https:\/\/schema.org\",\"@graph\":[{\"@type\":\"WebPage\",\"@id\":\"https:\/\/gehwaehlen-duesseldorf.de\/22\/politische-bildung\/\",\"url\":\"https:\/\/gehwaehlen-duesseldorf.de\/22\/politische-bildung\/\",\"name\":\"Politische Bildung: Erkl\u00e4r- und Informationsmaterialien - gehw\u00e4hlen22 - Dein Wahlportal zu den NRW-Wahlen\",\"isPartOf\":{\"@id\":\"https:\/\/gehwaehlen-duesseldorf.de\/22\/#website\"},\"primaryImageOfPage\":{\"@id\":\"https:\/\/gehwaehlen-duesseldorf.de\/22\/politische-bildung\/#primaryimage\"},\"image\":{\"@id\":\"https:\/\/gehwaehlen-duesseldorf.de\/22\/politische-bildung\/#primaryimage\"},\"thumbnailUrl\":\"https:\/\/gehwaehlen-duesseldorf.de\/22\/wp-content\/uploads\/sites\/2\/2022\/04\/Info-Erklaermaterial_Bild-Canva-2-1-e1649411648107.jpg\",\"datePublished\":\"2022-04-08T12:10:04+00:00\",\"author\":{\"@id\":\"https:\/\/gehwaehlen-duesseldorf.de\/22\/#\/schema\/person\/2b360fe4baff8716f6b2ca7ff4b2b8af\"},\"breadcrumb\":{\"@id\":\"https:\/\/gehwaehlen-duesseldorf.de\/22\/politische-bildung\/#breadcrumb\"},\"inLanguage\":\"de\",\"potentialAction\":[{\"@type\":\"ReadAction\",\"target\":[\"https:\/\/gehwaehlen-duesseldorf.de\/22\/politische-bildung\/\"]}]},{\"@type\":\"ImageObject\",\"inLanguage\":\"de\",\"@id\":\"https:\/\/gehwaehlen-duesseldorf.de\/22\/politische-bildung\/#primaryimage\",\"url\":\"https:\/\/gehwaehlen-duesseldorf.de\/22\/wp-content\/uploads\/sites\/2\/2022\/04\/Info-Erklaermaterial_Bild-Canva-2-1-e1649411648107.jpg\",\"contentUrl\":\"https:\/\/gehwaehlen-duesseldorf.de\/22\/wp-content\/uploads\/sites\/2\/2022\/04\/Info-Erklaermaterial_Bild-Canva-2-1-e1649411648107.jpg\",\"width\":1600,\"height\":1059},{\"@type\":\"BreadcrumbList\",\"@id\":\"https:\/\/gehwaehlen-duesseldorf.de\/22\/politische-bildung\/#breadcrumb\",\"itemListElement\":[{\"@type\":\"ListItem\",\"position\":1,\"name\":\"Startseite\",\"item\":\"https:\/\/gehwaehlen-duesseldorf.de\/22\/\"},{\"@type\":\"ListItem\",\"position\":2,\"name\":\"Politische Bildung: Erkl\u00e4r- und Informationsmaterialien\"}]},{\"@type\":\"WebSite\",\"@id\":\"https:\/\/gehwaehlen-duesseldorf.de\/22\/#website\",\"url\":\"https:\/\/gehwaehlen-duesseldorf.de\/22\/\",\"name\":\"gehw\u00e4hlen22 - Dein Wahlportal zu den NRW-Wahlen\",\"description\":\"Eine weitere gehw\u00e4hlen, D\u00fcsseldorf! Website\",\"potentialAction\":[{\"@type\":\"SearchAction\",\"target\":{\"@type\":\"EntryPoint\",\"urlTemplate\":\"https:\/\/gehwaehlen-duesseldorf.de\/22\/?s={search_term_string}\"},\"query-input\":{\"@type\":\"PropertyValueSpecification\",\"valueRequired\":true,\"valueName\":\"search_term_string\"}}],\"inLanguage\":\"de\"},{\"@type\":\"Person\",\"@id\":\"https:\/\/gehwaehlen-duesseldorf.de\/22\/#\/schema\/person\/2b360fe4baff8716f6b2ca7ff4b2b8af\",\"name\":\"redaktion\",\"image\":{\"@type\":\"ImageObject\",\"inLanguage\":\"de\",\"@id\":\"https:\/\/gehwaehlen-duesseldorf.de\/22\/#\/schema\/person\/image\/\",\"url\":\"https:\/\/secure.gravatar.com\/avatar\/6bc1ac5cc317b2da28776f5951d32058a60fd0637835ee5c2e5b822dbbf7c0a9?s=96&d=mm&r=g\",\"contentUrl\":\"https:\/\/secure.gravatar.com\/avatar\/6bc1ac5cc317b2da28776f5951d32058a60fd0637835ee5c2e5b822dbbf7c0a9?s=96&d=mm&r=g\",\"caption\":\"redaktion\"},\"url\":\"https:\/\/gehwaehlen-duesseldorf.de\/22\/author\/redaktion\/\"}]}<\/script>\n<!-- \/ Yoast SEO plugin. -->","yoast_head_json":{"title":"Politische Bildung: Erkl\u00e4r- und Informationsmaterialien - gehw\u00e4hlen22 - Dein Wahlportal zu den NRW-Wahlen","robots":{"index":"index","follow":"follow","max-snippet":"max-snippet:-1","max-image-preview":"max-image-preview:large","max-video-preview":"max-video-preview:-1"},"canonical":"https:\/\/gehwaehlen-duesseldorf.de\/22\/politische-bildung\/","og_locale":"de_DE","og_type":"article","og_title":"Politische Bildung: Erkl\u00e4r- und Informationsmaterialien - gehw\u00e4hlen22 - Dein Wahlportal zu den NRW-Wahlen","og_description":"[vc_row][vc_column][vc_column_text]Die Landtagswahlen sind ein guter Anlass, um mit Kindern und Jugendlichen politische Bildung zu gestalten. Ihr k\u00f6nnt \u00fcber Wahlen, politische Zust\u00e4ndigkeiten und unser politisches System sprechen. Es gibt viele multimediale&hellip;","og_url":"https:\/\/gehwaehlen-duesseldorf.de\/22\/politische-bildung\/","og_site_name":"gehw\u00e4hlen22 - Dein Wahlportal zu den NRW-Wahlen","article_published_time":"2022-04-08T12:10:04+00:00","og_image":[{"width":1600,"height":1059,"url":"https:\/\/gehwaehlen-duesseldorf.de\/22\/wp-content\/uploads\/sites\/2\/2022\/04\/Info-Erklaermaterial_Bild-Canva-2-1-e1649411648107.jpg","type":"image\/jpeg"}],"author":"redaktion","twitter_card":"summary_large_image","twitter_misc":{"Verfasst von":"redaktion","Gesch\u00e4tzte Lesezeit":"3\u00a0Minuten"},"schema":{"@context":"https:\/\/schema.org","@graph":[{"@type":"WebPage","@id":"https:\/\/gehwaehlen-duesseldorf.de\/22\/politische-bildung\/","url":"https:\/\/gehwaehlen-duesseldorf.de\/22\/politische-bildung\/","name":"Politische Bildung: Erkl\u00e4r- und Informationsmaterialien - gehw\u00e4hlen22 - Dein Wahlportal zu den NRW-Wahlen","isPartOf":{"@id":"https:\/\/gehwaehlen-duesseldorf.de\/22\/#website"},"primaryImageOfPage":{"@id":"https:\/\/gehwaehlen-duesseldorf.de\/22\/politische-bildung\/#primaryimage"},"image":{"@id":"https:\/\/gehwaehlen-duesseldorf.de\/22\/politische-bildung\/#primaryimage"},"thumbnailUrl":"https:\/\/gehwaehlen-duesseldorf.de\/22\/wp-content\/uploads\/sites\/2\/2022\/04\/Info-Erklaermaterial_Bild-Canva-2-1-e1649411648107.jpg","datePublished":"2022-04-08T12:10:04+00:00","author":{"@id":"https:\/\/gehwaehlen-duesseldorf.de\/22\/#\/schema\/person\/2b360fe4baff8716f6b2ca7ff4b2b8af"},"breadcrumb":{"@id":"https:\/\/gehwaehlen-duesseldorf.de\/22\/politische-bildung\/#breadcrumb"},"inLanguage":"de","potentialAction":[{"@type":"ReadAction","target":["https:\/\/gehwaehlen-duesseldorf.de\/22\/politische-bildung\/"]}]},{"@type":"ImageObject","inLanguage":"de","@id":"https:\/\/gehwaehlen-duesseldorf.de\/22\/politische-bildung\/#primaryimage","url":"https:\/\/gehwaehlen-duesseldorf.de\/22\/wp-content\/uploads\/sites\/2\/2022\/04\/Info-Erklaermaterial_Bild-Canva-2-1-e1649411648107.jpg","contentUrl":"https:\/\/gehwaehlen-duesseldorf.de\/22\/wp-content\/uploads\/sites\/2\/2022\/04\/Info-Erklaermaterial_Bild-Canva-2-1-e1649411648107.jpg","width":1600,"height":1059},{"@type":"BreadcrumbList","@id":"https:\/\/gehwaehlen-duesseldorf.de\/22\/politische-bildung\/#breadcrumb","itemListElement":[{"@type":"ListItem","position":1,"name":"Startseite","item":"https:\/\/gehwaehlen-duesseldorf.de\/22\/"},{"@type":"ListItem","position":2,"name":"Politische Bildung: Erkl\u00e4r- und Informationsmaterialien"}]},{"@type":"WebSite","@id":"https:\/\/gehwaehlen-duesseldorf.de\/22\/#website","url":"https:\/\/gehwaehlen-duesseldorf.de\/22\/","name":"gehw\u00e4hlen22 - Dein Wahlportal zu den NRW-Wahlen","description":"Eine weitere gehw\u00e4hlen, D\u00fcsseldorf! Website","potentialAction":[{"@type":"SearchAction","target":{"@type":"EntryPoint","urlTemplate":"https:\/\/gehwaehlen-duesseldorf.de\/22\/?s={search_term_string}"},"query-input":{"@type":"PropertyValueSpecification","valueRequired":true,"valueName":"search_term_string"}}],"inLanguage":"de"},{"@type":"Person","@id":"https:\/\/gehwaehlen-duesseldorf.de\/22\/#\/schema\/person\/2b360fe4baff8716f6b2ca7ff4b2b8af","name":"redaktion","image":{"@type":"ImageObject","inLanguage":"de","@id":"https:\/\/gehwaehlen-duesseldorf.de\/22\/#\/schema\/person\/image\/","url":"https:\/\/secure.gravatar.com\/avatar\/6bc1ac5cc317b2da28776f5951d32058a60fd0637835ee5c2e5b822dbbf7c0a9?s=96&d=mm&r=g","contentUrl":"https:\/\/secure.gravatar.com\/avatar\/6bc1ac5cc317b2da28776f5951d32058a60fd0637835ee5c2e5b822dbbf7c0a9?s=96&d=mm&r=g","caption":"redaktion"},"url":"https:\/\/gehwaehlen-duesseldorf.de\/22\/author\/redaktion\/"}]}},"_links":{"self":[{"href":"https:\/\/gehwaehlen-duesseldorf.de\/22\/wp-json\/wp\/v2\/posts\/512","targetHints":{"allow":["GET"]}}],"collection":[{"href":"https:\/\/gehwaehlen-duesseldorf.de\/22\/wp-json\/wp\/v2\/posts"}],"about":[{"href":"https:\/\/gehwaehlen-duesseldorf.de\/22\/wp-json\/wp\/v2\/types\/post"}],"author":[{"embeddable":true,"href":"https:\/\/gehwaehlen-duesseldorf.de\/22\/wp-json\/wp\/v2\/users\/2"}],"replies":[{"embeddable":true,"href":"https:\/\/gehwaehlen-duesseldorf.de\/22\/wp-json\/wp\/v2\/comments?post=512"}],"version-history":[{"count":28,"href":"https:\/\/gehwaehlen-duesseldorf.de\/22\/wp-json\/wp\/v2\/posts\/512\/revisions"}],"predecessor-version":[{"id":696,"href":"https:\/\/gehwaehlen-duesseldorf.de\/22\/wp-json\/wp\/v2\/posts\/512\/revisions\/696"}],"wp:featuredmedia":[{"embeddable":true,"href":"https:\/\/gehwaehlen-duesseldorf.de\/22\/wp-json\/wp\/v2\/media\/695"}],"wp:attachment":[{"href":"https:\/\/gehwaehlen-duesseldorf.de\/22\/wp-json\/wp\/v2\/media?parent=512"}],"wp:term":[{"taxonomy":"category","embeddable":true,"href":"https:\/\/gehwaehlen-duesseldorf.de\/22\/wp-json\/wp\/v2\/categories?post=512"},{"taxonomy":"post_tag","embeddable":true,"href":"https:\/\/gehwaehlen-duesseldorf.de\/22\/wp-json\/wp\/v2\/tags?post=512"}],"curies":[{"name":"wp","href":"https:\/\/api.w.org\/{rel}","templated":true}]}}